{"id":354,"date":"2024-03-20T08:53:02","date_gmt":"2024-03-20T11:53:02","guid":{"rendered":"https:\/\/connectoway.com.br\/solar\/?p=354"},"modified":"2024-03-20T08:53:02","modified_gmt":"2024-03-20T11:53:02","slug":"3-mitos-sobre-energia-solar-fotovoltaica","status":"publish","type":"post","link":"https:\/\/connectoway.com.br\/solar\/3-mitos-sobre-energia-solar-fotovoltaica\/","title":{"rendered":"3 mitos sobre energia solar fotovoltaica"},"content":{"rendered":"<p><span style=\"font-weight: 400;\">A <strong>energia solar fotovoltaica<\/strong> ganhou destaque no Brasil, atraindo investimentos p\u00fablicos e despertando o interesse dos consumidores nos \u00faltimos anos. No entanto, a r\u00e1pida expans\u00e3o do mercado gerou especula\u00e7\u00f5es que causam confus\u00e3o e d\u00favidas entre os consumidores, destacando a falta de informa\u00e7\u00e3o de qualidade. Isso persiste at\u00e9 hoje.<\/span><\/p>\n<p><span style=\"font-weight: 400;\">Por isso, neste artigo<\/span><span style=\"font-weight: 400;\">,<\/span><span style=\"font-weight: 400;\"> voc\u00ea vai descobrir os 3 principais mitos sobre a <\/span><b>energia solar fotovoltaica<\/b><span style=\"font-weight: 400;\"> que talvez voc\u00ea j\u00e1 tenha ouvido falar ou <\/span><span style=\"font-weight: 400;\">tenha<\/span><span style=\"font-weight: 400;\"> d\u00favida de como a energia solar fotovoltaica funciona. Ent\u00e3o, se voc\u00ea j\u00e1 encontrou algumas informa\u00e7\u00f5es confusas sobre a <\/span><b>energia solar fotovoltaica<\/b><span style=\"font-weight: 400;\">, nos esclarecemos agora de forma simples e pr\u00e1tica. Vamos l\u00e1?<\/span><\/p>\n<p>&nbsp;<\/p>\n<h2><b>1. Mais calor significa mais gera\u00e7\u00e3o de energia solar fotovoltaica<\/b><\/h2>\n<h3><b>O desempenho do seu sistema de energia fotovoltaica \u00e9 maior nas altas temperaturas?<\/b><br \/>\n<b><\/b><\/h3>\n<p><span style=\"font-weight: 400;\">Quanto mais quente estiver o clima, maior ser\u00e1 a gera\u00e7\u00e3o de <strong>energia solar fotovoltaica<\/strong>? Muita gente acredita que a gera\u00e7\u00e3o de <strong>energia solar fotovoltaica<\/strong> se potencializa com o calor, e que os sistemas fotovoltaicos t\u00eam um melhor desempenho nas altas temperaturas, gerando mais energia.<\/span><\/p>\n<p><span style=\"font-weight: 400;\">Por\u00e9m, isso n\u00e3o passa de <\/span><span style=\"font-weight: 400;\">um <\/span><span style=\"font-weight: 400;\">mito! Essa associa\u00e7\u00e3o temperatura x gera\u00e7\u00e3o ocorre porque as pessoas associam a intensidade do calor diretamente \u00e0 produ\u00e7\u00e3o de energia. No entanto, a efici\u00eancia dos pain\u00e9is solares n\u00e3o est\u00e1 diretamente relacionada \u00e0 temperatura ambiente<\/span><span style=\"font-weight: 400;\">.<\/span><\/p>\n<p><b>Os sistemas de energia fotovoltaica n\u00e3o apresentam aumento no desempenho com o aumento da temperatura, pelo contr\u00e1rio, o seu desempenho apresenta perda em temperaturas mais altas. <\/b><span style=\"font-weight: 400;\">O que influencia diretamente a produ\u00e7\u00e3o de energia \u00e9 a <\/span><b>irradi\u00e2ncia<\/b><span style=\"font-weight: 400;\">, isso quer dizer que<\/span><span style=\"font-weight: 400;\">,<\/span><span style=\"font-weight: 400;\"> para o seu sistema de <\/span><b>energia solar fotovoltaica <\/b><span style=\"font-weight: 400;\">gerar mais<\/span><span style=\"font-weight: 400;\">,<\/span><span style=\"font-weight: 400;\"> \u00e9 necess\u00e1rio um <\/span><b>aumento na irradia\u00e7\u00e3o solar<\/b><span style=\"font-weight: 400;\">.<\/span><\/p>\n<p>&nbsp;<\/p>\n<h3><b>Em dias muito quentes, o que acontece com o meu sistema de energia solar fotovoltaica?<\/b><\/h3>\n<p><span style=\"font-weight: 400;\">Em dias muito quentes, pode at\u00e9 ocorrer uma <\/span><b>redu\u00e7\u00e3o na efici\u00eancia dos pain\u00e9is solares <\/b><span style=\"font-weight: 400;\">devido ao aumento da temperatura, que pode afetar negativamente o desempenho dos equipamentos.<\/span><\/p>\n<p><span style=\"font-weight: 400;\">Isso acontece, pois a cada grau de aumento na <\/span><span style=\"font-weight: 400;\">temperatura de c\u00e9lula<\/span><span style=\"font-weight: 400;\">, o m\u00f3dulo fotovoltaico perde pot\u00eancia, impactando diretamente na produ\u00e7\u00e3o de energia. Por isso, os projetos fotovoltaicos precisam levar em considera\u00e7\u00e3o as temperaturas m\u00e9dias e m\u00e1ximas do local de instala\u00e7\u00e3o do sistema fotovoltaico para entender a efici\u00eancia da gera\u00e7\u00e3o naquelas condi\u00e7\u00f5es.<\/span><\/p>\n<p><span style=\"font-weight: 400;\">Voc\u00ea pode ficar atento a essa informa\u00e7\u00e3o observando os<\/span><a href=\"https:\/\/www.portalsolar.com.br\/tudo-sobre-a-eficiencia-do-painel-solar.html\"><b> coeficientes de temperatura<\/b><\/a> <span style=\"font-weight: 400;\">presentes<\/span><span style=\"font-weight: 400;\"> no <\/span><i><span style=\"font-weight: 400;\">datasheet <\/span><\/i><span style=\"font-weight: 400;\">dos seus m\u00f3dulos fotovoltaicos.<\/span><\/p>\n<p><span style=\"font-weight: 400;\">Observe um exemplo abaixo:<\/span><\/p>\n<p style=\"text-align: center;\"><span style=\"font-weight: 400;\"><img loading=\"lazy\" decoding=\"async\" class=\"aligncenter size-full wp-image-355\" src=\"http:\/\/connectoway.com.br\/solar\/wp-content\/uploads\/2024\/03\/IMAGEM-1.png\" alt=\"energia solar fotovoltaica datasheet\" width=\"687\" height=\"336\" srcset=\"https:\/\/connectoway.com.br\/solar\/wp-content\/uploads\/2024\/03\/IMAGEM-1.png 687w, https:\/\/connectoway.com.br\/solar\/wp-content\/uploads\/2024\/03\/IMAGEM-1-300x147.png 300w\" sizes=\"auto, (max-width: 687px) 100vw, 687px\" \/><\/span><i><\/i><\/p>\n<p style=\"text-align: center;\"><i><span style=\"font-weight: 400;\">Coeficientes de temperatura de um modelo de m\u00f3dulo Trina Solar<\/span><\/i><\/p>\n<p>&nbsp;<\/p>\n<p><span style=\"font-weight: 400;\">O coeficiente de temperatura \u00e9 uma caracter\u00edstica importante dos m\u00f3dulos fotovoltaicos e descreve como a efici\u00eancia da c\u00e9lula solar varia com as mudan\u00e7as na temperatura ambiente.\u00a0<\/span><\/p>\n<p><span style=\"font-weight: 400;\">\u00c9 de extrema import\u00e2ncia ficar de olho nestes coeficientes, pois a cada \u00b0C de varia\u00e7\u00e3o positiva de temperatura, o m\u00f3dulo perde 0,34 % de pot\u00eancia. <\/span><b>A tens\u00e3o tamb\u00e9m varia de maneira negativa, ou seja, para cada \u00b0C de temperatura, a tens\u00e3o diminui -0,25 %.<\/b><\/p>\n<p>&nbsp;<\/p>\n<h2><b>2. A energia solar fotovoltaica n\u00e3o funciona em dias nublados ou chuvosos<\/b><\/h2>\n<h3><b>O seu sistema de energia solar fotovoltaico n\u00e3o gera energia em dias nublados e chuvosos?<\/b><br \/>\n<b><\/b><\/h3>\n<p><span style=\"font-weight: 400;\">Em dias em que n\u00e3o vemos o sol, dias nublados e de muita chuva, a gera\u00e7\u00e3o de energia para? Da mesma forma que as pessoas associam calor a uma maior gera\u00e7\u00e3o de energia, tamb\u00e9m \u00e9 comum a associa\u00e7\u00e3o de dias nublados e chuvosos com a falta de gera\u00e7\u00e3o.<\/span><\/p>\n<p><span style=\"font-weight: 400;\">Por\u00e9m, isso tamb\u00e9m se trata de uma associa\u00e7\u00e3o equivocada!<\/span><\/p>\n<p><span style=\"font-weight: 400;\">Embora a produ\u00e7\u00e3o de energia solar seja mais <\/span><b>eficiente em dias ensolarados<\/b><span style=\"font-weight: 400;\"> e com<\/span><b> irradi\u00e2ncia direta<\/b><span style=\"font-weight: 400;\">, os pain\u00e9is solares ainda podem gerar eletricidade em dias nublados ou chuvosos. Isso ocorre porque<\/span><span style=\"font-weight: 400;\">,<\/span><span style=\"font-weight: 400;\"> apesar do sol <\/span><span style=\"font-weight: 400;\">estar<\/span><span style=\"font-weight: 400;\"> escondido, a sua luz permanece sendo propagada, mas de forma difusa.<\/span><\/p>\n<p>&nbsp;<\/p>\n<h3><b>A luz solar difusa<\/b><\/h3>\n<p><span style=\"font-weight: 400;\">A irradia\u00e7\u00e3o difusa \u00e9 a componente da radia\u00e7\u00e3o solar que chega \u00e0 superf\u00edcie terrestre ap\u00f3s ser dispersa pela atmosfera em v\u00e1rias dire\u00e7\u00f5es. Ela ocorre quando as nuvens bloqueiam parcialmente a luz solar direta, fazendo com que parte da radia\u00e7\u00e3o solar seja dispersa e atinja a superf\u00edcie terrestre de forma difusa, ou seja, sem uma dire\u00e7\u00e3o espec\u00edfica.<\/span><\/p>\n<p><span style=\"font-weight: 400;\">Observe na ilustra\u00e7\u00e3o abaixo:<\/span><\/p>\n<p><img loading=\"lazy\" decoding=\"async\" class=\"aligncenter size-large wp-image-356\" src=\"http:\/\/connectoway.com.br\/solar\/wp-content\/uploads\/2024\/03\/IMAGEM-2-1024x743.png\" alt=\"energia solar fotovoltaica - luz difusa\" width=\"1024\" height=\"743\" srcset=\"https:\/\/connectoway.com.br\/solar\/wp-content\/uploads\/2024\/03\/IMAGEM-2-1024x743.png 1024w, https:\/\/connectoway.com.br\/solar\/wp-content\/uploads\/2024\/03\/IMAGEM-2-300x218.png 300w, https:\/\/connectoway.com.br\/solar\/wp-content\/uploads\/2024\/03\/IMAGEM-2-768x558.png 768w, https:\/\/connectoway.com.br\/solar\/wp-content\/uploads\/2024\/03\/IMAGEM-2.png 1080w\" sizes=\"auto, (max-width: 1024px) 100vw, 1024px\" \/><\/p>\n<p style=\"text-align: center;\"><i><span style=\"font-weight: 400;\">Tipos de radia\u00e7\u00e3o solar , direta, difusa e refletida.\u00a0<\/span><\/i><\/p>\n<p>&nbsp;<\/p>\n<p><span style=\"font-weight: 400;\">Embora a produ\u00e7\u00e3o de <\/span><b>energia solar fotovoltaica<\/b><span style=\"font-weight: 400;\"> seja menor em compara\u00e7\u00e3o com dias ensolarados, a gera\u00e7\u00e3o de <strong>energia solar fotovoltaica<\/strong> continua, pois a irradia\u00e7\u00e3o solar que passa pelas nuvens ainda \u00e9 capaz de alcan\u00e7ar os pain\u00e9is e gerar energia.<\/span><\/p>\n<p><span style=\"font-weight: 400;\">Essa capacidade de captar a luz solar, em diferentes formas, direta, refletida ou difusa, permite que os sistemas de <\/span><b>energia solar fotovoltaica<\/b><span style=\"font-weight: 400;\"> continuem a funcionar mesmo em condi\u00e7\u00f5es clim\u00e1ticas adversas.<\/span><\/p>\n<p>&nbsp;<\/p>\n<h2><b>3. Adquiri um sistema de energia solar, agora n\u00e3o tenho mais que pagar conta de luz<\/b><\/h2>\n<p>&nbsp;<\/p>\n<h3><b>Com um sistema de energia solar fotovoltaica<\/b><span style=\"font-weight: 400;\">,<\/span><b> nunca mais voc\u00ea <\/b><strong>precisar\u00e1<\/strong><b> pagar conta de energia el\u00e9trica?<\/b><\/h3>\n<p><span style=\"font-weight: 400;\">O maior apelo comercial para a venda de sistemas de energia solar fotovoltaica sempre foi a grande economia que o consumidor adquire. No entanto, passou a ser disseminada a cren\u00e7a de que com um sistema de energia solar voc\u00ea n\u00e3o precisar\u00e1 mais pagar conta de energia el\u00e9trica, o que atraiu o interesse do grande p\u00fablico.<\/span><\/p>\n<p>&nbsp;<\/p>\n<h3><b>A verdade \u00e9 que ter um sistema de energia solar pode reduzir significativamente sua conta de luz, mas n\u00e3o vai elimin\u00e1-la completamente.<\/b><\/h3>\n<p><span style=\"font-weight: 400;\">No entanto, isso n\u00e3o ocorre em sistemas <\/span><i><span style=\"font-weight: 400;\">on-grid<\/span><\/i><span style=\"font-weight: 400;\"> (conectados a rede) devido a v\u00e1rios fatores, como a quantidade de energia que voc\u00ea consome e a pol\u00edtica de compensa\u00e7\u00e3o de energia do seu estado e<\/span><span style=\"font-weight: 400;\">,<\/span><span style=\"font-weight: 400;\"> em muitos casos, voc\u00ea ainda precisar\u00e1 pagar uma taxa m\u00ednima de conex\u00e3o \u00e0 rede el\u00e9trica, mesmo que esteja gerando sua pr\u00f3pria eletricidade.<\/span><\/p>\n<p><span style=\"font-weight: 400;\">Se o seu sistema fotovoltaico for<\/span><i><span style=\"font-weight: 400;\"> off-grid<\/span><\/i><span style=\"font-weight: 400;\">, ou seja, n\u00e3o est\u00e1 conectado a rede de distribui\u00e7\u00e3o, a\u00ed, sim, \u00e9 poss\u00edvel n\u00e3o ter mais custos com energia el\u00e9trica.<\/span><\/p>\n<p><span style=\"font-weight: 400;\">Entenda alguns cen\u00e1rios:<\/span><\/p>\n<h3><b>Taxa de utiliza\u00e7\u00e3o da rede Fio B<\/b><\/h3>\n<p><span style=\"font-weight: 400;\">A sua conta de energia \u00e9 composta por diversas tarifas, sendo algumas delas a <\/span><b>TE (Tarifa de Energia<\/b><span style=\"font-weight: 400;\">), que se refere ao consumo de energia e a <\/span><b>TUSD (Tarifa de Uso do Sistema de Distribui\u00e7\u00e3o<\/b><span style=\"font-weight: 400;\">), al\u00e9m da bandeira tarif\u00e1ria e os impostos.<\/span><\/p>\n<p><span style=\"font-weight: 400;\">O consumidor que possui um sistema de <strong>energia solar fotovoltaica<\/strong> n\u00e3o est\u00e1 <\/span><span style=\"font-weight: 400;\">isento<\/span><span style=\"font-weight: 400;\"> dessas tarifas. Todo o consumidor que mant\u00e9m uma liga\u00e7\u00e3o com a rede de distribui\u00e7\u00e3o de energia el\u00e9trica, como no sistema <\/span><em><span style=\"font-weight: 400;\">on-grid<\/span><\/em><span style=\"font-weight: 400;\">, vai precisar fazer o pagamento do Fio B. Ainda que o seu sistema gere o suficiente para o consumo das suas cargas e n\u00e3o consuma a energia fornecida pela concession\u00e1ria.<\/span><\/p>\n<p>&nbsp;<\/p>\n<h3><b>O que \u00e9 TUSD?<\/b><\/h3>\n<p><span style=\"font-weight: 400;\">A TUSD est\u00e1 relacionada aos custos vinculados <\/span><span style=\"font-weight: 400;\">\u00e0<\/span><span style=\"font-weight: 400;\"> utiliza\u00e7\u00e3o da infraestrutura da rede de distribui\u00e7\u00e3o da concession\u00e1ria local at\u00e9 as resid\u00eancias, com\u00e9rcios, ind\u00fastrias e propriedades rurais.<\/span><\/p>\n<p><span style=\"font-weight: 400;\">Abaixo voc\u00ea encontra um resumo de como a sua conta de energia \u00e9 composta, e como a TE e a TUSD s\u00e3o formadas:<\/span><\/p>\n<p><img loading=\"lazy\" decoding=\"async\" class=\"aligncenter size-large wp-image-357\" src=\"http:\/\/connectoway.com.br\/solar\/wp-content\/uploads\/2024\/03\/IMAGEM-3-1024x528.png\" alt=\"energia solar fotovoltaica - cenarios\" width=\"1024\" height=\"528\" srcset=\"https:\/\/connectoway.com.br\/solar\/wp-content\/uploads\/2024\/03\/IMAGEM-3-1024x528.png 1024w, https:\/\/connectoway.com.br\/solar\/wp-content\/uploads\/2024\/03\/IMAGEM-3-300x155.png 300w, https:\/\/connectoway.com.br\/solar\/wp-content\/uploads\/2024\/03\/IMAGEM-3-768x396.png 768w, https:\/\/connectoway.com.br\/solar\/wp-content\/uploads\/2024\/03\/IMAGEM-3-1536x792.png 1536w, https:\/\/connectoway.com.br\/solar\/wp-content\/uploads\/2024\/03\/IMAGEM-3.png 1920w\" sizes=\"auto, (max-width: 1024px) 100vw, 1024px\" \/><\/p>\n<p><span style=\"font-weight: 400;\">A composi\u00e7\u00e3o da tarifa de energia el\u00e9trica refere-se \u00e0 estrutura de custos que comp\u00f5em o valor final cobrado dos consumidores pelo fornecimento de eletricidade. Essa tarifa \u00e9 composta por diversos elementos, incluindo a gera\u00e7\u00e3o, transmiss\u00e3o, distribui\u00e7\u00e3o e encargos setoriais. <\/span><a href=\"https:\/\/energes.com.br\/entendendo-a-fatura-de-energia-3\/\"><span style=\"font-weight: 400;\">Saiba mais sobre a composi\u00e7\u00e3o da tarifa de energia.<\/span><\/a><\/p>\n<p><span style=\"font-weight: 400;\">Fique de olho, pois cada regi\u00e3o ter\u00e1 varia\u00e7\u00f5es, se voc\u00ea deseja saber qual a composi\u00e7\u00e3o tarif\u00e1ria do local onde voc\u00ea mora procure pelo site da sua distribuidora local.\u00a0<\/span><\/p>\n<p>&nbsp;<\/p>\n<h2><b>Consumo x Gera\u00e7\u00e3o<\/b><\/h2>\n<h3><strong>A quantidade de energia gerada em rela\u00e7\u00e3o \u00e0<\/strong><span style=\"font-weight: 400;\"><strong> quantidade consumida.<\/strong>\u00a0<\/span><\/h3>\n<p><span style=\"font-weight: 400;\">\u00c9 necess\u00e1rio considerar alguns fatores no seu sistema de <strong>energia solar fotovoltaica<\/strong>,<\/span> <span style=\"font-weight: 400;\">como a presen\u00e7a de baterias, o tempo de irradia\u00e7\u00e3o do local ao longo do ano e <\/span><span style=\"font-weight: 400;\">o <\/span><span style=\"font-weight: 400;\">hor\u00e1rio de consumo das cargas, tudo isso vai influenciar se o seu sistema vai consumir.<\/span><\/p>\n<p><span style=\"font-weight: 400;\">Em resumo, \u00e9 importante desmistificar alguns conceitos falsos sobre a <strong>energia solar fotovoltaica<\/strong>. Ela n\u00e3o depende de altas temperaturas para gerar energia, sendo a irradia\u00e7\u00e3o solar o fator determinante. Al\u00e9m disso, mesmo em dias nublados, os pain\u00e9is solares continuam a gerar eletricidade, ainda que em menor quantidade. Por fim, embora a instala\u00e7\u00e3o de um sistema solar <em>on-grid<\/em> possa reduzir significativamente a conta de luz, n\u00e3o elimina completamente a necessidade de pagamento, devido a utiliza\u00e7\u00e3o da infraestrutura das redes das concession\u00e1rias e disponibilidade dos servi\u00e7os.<\/span><\/p>\n<p><span style=\"font-weight: 400;\">Assim, ao considerar a energia solar como uma fonte de energia limpa e sustent\u00e1vel, \u00e9 essencial entender corretamente seu funcionamento e benef\u00edcios.<\/span><\/p>\n<p><span style=\"font-weight: 400;\">Voc\u00ea \u00e9 um integrador de energia solar ou est\u00e1 pensando em investir em energia solar na sua casa, ou estabelecimento?\u00a0 Na <\/span><a href=\"https:\/\/connectoway.com.br\/solar\/\"><span style=\"font-weight: 400;\">Connectoway Solar<\/span><\/a><span style=\"font-weight: 400;\">, voc\u00ea garante os melhores equipamentos do mercado para os seus sistemas de <strong>energia solar fotovoltaicos<\/strong>, al\u00e9m do suporte da nossa equipe t\u00e9cnica! Quer saber mais? <\/span><a href=\"http:\/\/wa.me\/558176010228\"><span style=\"font-weight: 400;\">Entre em contato agora mesmo com o nosso time<\/span><\/a><span style=\"font-weight: 400;\">!<\/span><\/p>\n","protected":false},"excerpt":{"rendered":"<p>A energia solar fotovoltaica ganhou destaque no Brasil, atraindo investimentos p\u00fablicos e despertando o interesse dos consumidores nos \u00faltimos anos. No entanto, a r\u00e1pida expans\u00e3o do mercado gerou especula\u00e7\u00f5es que causam confus\u00e3o e d\u00favidas entre os consumidores, destacando a falta de informa\u00e7\u00e3o de qualidade. Isso persiste at\u00e9 hoje. Por isso, neste artigo, voc\u00ea vai descobrir [&hellip;]<\/p>\n","protected":false},"author":3,"featured_media":0,"comment_status":"open","ping_status":"open","sticky":false,"template":"","format":"standard","meta":{"inline_featured_image":false,"footnotes":""},"categories":[26],"tags":[27],"class_list":["post-354","post","type-post","status-publish","format-standard","hentry","category-curiosidades","tag-energia-solar-fotovoltaica"],"acf":[],"yoast_head":"<!-- This site is optimized with the Yoast SEO plugin v21.2 - https:\/\/yoast.com\/wordpress\/plugins\/seo\/ -->\n<title>3 mitos sobre energia solar fotovoltaica - Connectoway Solar<\/title>\n<meta name=\"description\" content=\"Conhe\u00e7a os tr\u00eas principais mitos sobre a energia solar fotovoltaica no artigo da Connectoway Solar. Ficou alguma d\u00favida? Fale conosco.\" \/>\n<meta name=\"robots\" content=\"index, follow, max-snippet:-1, max-image-preview:large, max-video-preview:-1\" \/>\n<link rel=\"canonical\" href=\"https:\/\/connectoway.com.br\/solar\/3-mitos-sobre-energia-solar-fotovoltaica\/\" \/>\n<meta property=\"og:locale\" content=\"pt_BR\" \/>\n<meta property=\"og:type\" content=\"article\" \/>\n<meta property=\"og:title\" content=\"3 mitos sobre energia solar fotovoltaica - Connectoway Solar\" \/>\n<meta property=\"og:description\" content=\"Conhe\u00e7a os tr\u00eas principais mitos sobre a energia solar fotovoltaica no artigo da Connectoway Solar. Ficou alguma d\u00favida? Fale conosco.\" \/>\n<meta property=\"og:url\" content=\"https:\/\/connectoway.com.br\/solar\/3-mitos-sobre-energia-solar-fotovoltaica\/\" \/>\n<meta property=\"og:site_name\" content=\"Connectoway Solar\" \/>\n<meta property=\"article:published_time\" content=\"2024-03-20T11:53:02+00:00\" \/>\n<meta property=\"og:image\" content=\"http:\/\/connectoway.com.br\/solar\/wp-content\/uploads\/2024\/03\/IMAGEM-1.png\" \/>\n<meta name=\"author\" content=\"Emanuel Vieira\" \/>\n<meta name=\"twitter:card\" content=\"summary_large_image\" \/>\n<meta name=\"twitter:label1\" content=\"Escrito por\" \/>\n\t<meta name=\"twitter:data1\" content=\"Emanuel Vieira\" \/>\n\t<meta name=\"twitter:label2\" content=\"Est. tempo de leitura\" \/>\n\t<meta name=\"twitter:data2\" content=\"9 minutos\" \/>\n<script type=\"application\/ld+json\" class=\"yoast-schema-graph\">{\"@context\":\"https:\/\/schema.org\",\"@graph\":[{\"@type\":\"Article\",\"@id\":\"https:\/\/connectoway.com.br\/solar\/3-mitos-sobre-energia-solar-fotovoltaica\/#article\",\"isPartOf\":{\"@id\":\"https:\/\/connectoway.com.br\/solar\/3-mitos-sobre-energia-solar-fotovoltaica\/\"},\"author\":{\"name\":\"Emanuel Vieira\",\"@id\":\"https:\/\/connectoway.com.br\/solar\/#\/schema\/person\/c2e9a752065c9079f291d6df0f7ed87e\"},\"headline\":\"3 mitos sobre energia solar fotovoltaica\",\"datePublished\":\"2024-03-20T11:53:02+00:00\",\"dateModified\":\"2024-03-20T11:53:02+00:00\",\"mainEntityOfPage\":{\"@id\":\"https:\/\/connectoway.com.br\/solar\/3-mitos-sobre-energia-solar-fotovoltaica\/\"},\"wordCount\":1540,\"commentCount\":0,\"publisher\":{\"@id\":\"https:\/\/connectoway.com.br\/solar\/#organization\"},\"keywords\":[\"energia solar fotovoltaica\"],\"articleSection\":[\"Curiosidades\"],\"inLanguage\":\"pt-BR\",\"potentialAction\":[{\"@type\":\"CommentAction\",\"name\":\"Comment\",\"target\":[\"https:\/\/connectoway.com.br\/solar\/3-mitos-sobre-energia-solar-fotovoltaica\/#respond\"]}]},{\"@type\":\"WebPage\",\"@id\":\"https:\/\/connectoway.com.br\/solar\/3-mitos-sobre-energia-solar-fotovoltaica\/\",\"url\":\"https:\/\/connectoway.com.br\/solar\/3-mitos-sobre-energia-solar-fotovoltaica\/\",\"name\":\"3 mitos sobre energia solar fotovoltaica - Connectoway Solar\",\"isPartOf\":{\"@id\":\"https:\/\/connectoway.com.br\/solar\/#website\"},\"datePublished\":\"2024-03-20T11:53:02+00:00\",\"dateModified\":\"2024-03-20T11:53:02+00:00\",\"description\":\"Conhe\u00e7a os tr\u00eas principais mitos sobre a energia solar fotovoltaica no artigo da Connectoway Solar. Ficou alguma d\u00favida? Fale conosco.\",\"breadcrumb\":{\"@id\":\"https:\/\/connectoway.com.br\/solar\/3-mitos-sobre-energia-solar-fotovoltaica\/#breadcrumb\"},\"inLanguage\":\"pt-BR\",\"potentialAction\":[{\"@type\":\"ReadAction\",\"target\":[\"https:\/\/connectoway.com.br\/solar\/3-mitos-sobre-energia-solar-fotovoltaica\/\"]}]},{\"@type\":\"BreadcrumbList\",\"@id\":\"https:\/\/connectoway.com.br\/solar\/3-mitos-sobre-energia-solar-fotovoltaica\/#breadcrumb\",\"itemListElement\":[{\"@type\":\"ListItem\",\"position\":1,\"name\":\"In\u00edcio\",\"item\":\"https:\/\/connectoway.com.br\/solar\/\"},{\"@type\":\"ListItem\",\"position\":2,\"name\":\"3 mitos sobre energia solar fotovoltaica\"}]},{\"@type\":\"WebSite\",\"@id\":\"https:\/\/connectoway.com.br\/solar\/#website\",\"url\":\"https:\/\/connectoway.com.br\/solar\/\",\"name\":\"Connectoway Solar\",\"description\":\"\",\"publisher\":{\"@id\":\"https:\/\/connectoway.com.br\/solar\/#organization\"},\"potentialAction\":[{\"@type\":\"SearchAction\",\"target\":{\"@type\":\"EntryPoint\",\"urlTemplate\":\"https:\/\/connectoway.com.br\/solar\/?s={search_term_string}\"},\"query-input\":\"required name=search_term_string\"}],\"inLanguage\":\"pt-BR\"},{\"@type\":\"Organization\",\"@id\":\"https:\/\/connectoway.com.br\/solar\/#organization\",\"name\":\"Connectoway Solar\",\"url\":\"https:\/\/connectoway.com.br\/solar\/\",\"logo\":{\"@type\":\"ImageObject\",\"inLanguage\":\"pt-BR\",\"@id\":\"https:\/\/connectoway.com.br\/solar\/#\/schema\/logo\/image\/\",\"url\":\"https:\/\/connectoway.com.br\/solar\/wp-content\/uploads\/2023\/09\/connectoway_solar_vertical.png\",\"contentUrl\":\"https:\/\/connectoway.com.br\/solar\/wp-content\/uploads\/2023\/09\/connectoway_solar_vertical.png\",\"width\":1080,\"height\":1080,\"caption\":\"Connectoway Solar\"},\"image\":{\"@id\":\"https:\/\/connectoway.com.br\/solar\/#\/schema\/logo\/image\/\"},\"sameAs\":[\"https:\/\/www.instagram.com\/connectowaysolar\/\"]},{\"@type\":\"Person\",\"@id\":\"https:\/\/connectoway.com.br\/solar\/#\/schema\/person\/c2e9a752065c9079f291d6df0f7ed87e\",\"name\":\"Emanuel Vieira\",\"image\":{\"@type\":\"ImageObject\",\"inLanguage\":\"pt-BR\",\"@id\":\"https:\/\/connectoway.com.br\/solar\/#\/schema\/person\/image\/\",\"url\":\"https:\/\/secure.gravatar.com\/avatar\/e35c67bb069910c73b6f0ed4c6902271d76dddcb0aad872825087860efe3b535?s=96&d=mm&r=g\",\"contentUrl\":\"https:\/\/secure.gravatar.com\/avatar\/e35c67bb069910c73b6f0ed4c6902271d76dddcb0aad872825087860efe3b535?s=96&d=mm&r=g\",\"caption\":\"Emanuel Vieira\"},\"url\":\"https:\/\/connectoway.com.br\/solar\/author\/emanuel-vieira\/\"}]}<\/script>\n<!-- \/ Yoast SEO plugin. -->","yoast_head_json":{"title":"3 mitos sobre energia solar fotovoltaica - Connectoway Solar","description":"Conhe\u00e7a os tr\u00eas principais mitos sobre a energia solar fotovoltaica no artigo da Connectoway Solar. Ficou alguma d\u00favida? Fale conosco.","robots":{"index":"index","follow":"follow","max-snippet":"max-snippet:-1","max-image-preview":"max-image-preview:large","max-video-preview":"max-video-preview:-1"},"canonical":"https:\/\/connectoway.com.br\/solar\/3-mitos-sobre-energia-solar-fotovoltaica\/","og_locale":"pt_BR","og_type":"article","og_title":"3 mitos sobre energia solar fotovoltaica - Connectoway Solar","og_description":"Conhe\u00e7a os tr\u00eas principais mitos sobre a energia solar fotovoltaica no artigo da Connectoway Solar. Ficou alguma d\u00favida? Fale conosco.","og_url":"https:\/\/connectoway.com.br\/solar\/3-mitos-sobre-energia-solar-fotovoltaica\/","og_site_name":"Connectoway Solar","article_published_time":"2024-03-20T11:53:02+00:00","og_image":[{"url":"http:\/\/connectoway.com.br\/solar\/wp-content\/uploads\/2024\/03\/IMAGEM-1.png"}],"author":"Emanuel Vieira","twitter_card":"summary_large_image","twitter_misc":{"Escrito por":"Emanuel Vieira","Est. tempo de leitura":"9 minutos"},"schema":{"@context":"https:\/\/schema.org","@graph":[{"@type":"Article","@id":"https:\/\/connectoway.com.br\/solar\/3-mitos-sobre-energia-solar-fotovoltaica\/#article","isPartOf":{"@id":"https:\/\/connectoway.com.br\/solar\/3-mitos-sobre-energia-solar-fotovoltaica\/"},"author":{"name":"Emanuel Vieira","@id":"https:\/\/connectoway.com.br\/solar\/#\/schema\/person\/c2e9a752065c9079f291d6df0f7ed87e"},"headline":"3 mitos sobre energia solar fotovoltaica","datePublished":"2024-03-20T11:53:02+00:00","dateModified":"2024-03-20T11:53:02+00:00","mainEntityOfPage":{"@id":"https:\/\/connectoway.com.br\/solar\/3-mitos-sobre-energia-solar-fotovoltaica\/"},"wordCount":1540,"commentCount":0,"publisher":{"@id":"https:\/\/connectoway.com.br\/solar\/#organization"},"keywords":["energia solar fotovoltaica"],"articleSection":["Curiosidades"],"inLanguage":"pt-BR","potentialAction":[{"@type":"CommentAction","name":"Comment","target":["https:\/\/connectoway.com.br\/solar\/3-mitos-sobre-energia-solar-fotovoltaica\/#respond"]}]},{"@type":"WebPage","@id":"https:\/\/connectoway.com.br\/solar\/3-mitos-sobre-energia-solar-fotovoltaica\/","url":"https:\/\/connectoway.com.br\/solar\/3-mitos-sobre-energia-solar-fotovoltaica\/","name":"3 mitos sobre energia solar fotovoltaica - Connectoway Solar","isPartOf":{"@id":"https:\/\/connectoway.com.br\/solar\/#website"},"datePublished":"2024-03-20T11:53:02+00:00","dateModified":"2024-03-20T11:53:02+00:00","description":"Conhe\u00e7a os tr\u00eas principais mitos sobre a energia solar fotovoltaica no artigo da Connectoway Solar. Ficou alguma d\u00favida? Fale conosco.","breadcrumb":{"@id":"https:\/\/connectoway.com.br\/solar\/3-mitos-sobre-energia-solar-fotovoltaica\/#breadcrumb"},"inLanguage":"pt-BR","potentialAction":[{"@type":"ReadAction","target":["https:\/\/connectoway.com.br\/solar\/3-mitos-sobre-energia-solar-fotovoltaica\/"]}]},{"@type":"BreadcrumbList","@id":"https:\/\/connectoway.com.br\/solar\/3-mitos-sobre-energia-solar-fotovoltaica\/#breadcrumb","itemListElement":[{"@type":"ListItem","position":1,"name":"In\u00edcio","item":"https:\/\/connectoway.com.br\/solar\/"},{"@type":"ListItem","position":2,"name":"3 mitos sobre energia solar fotovoltaica"}]},{"@type":"WebSite","@id":"https:\/\/connectoway.com.br\/solar\/#website","url":"https:\/\/connectoway.com.br\/solar\/","name":"Connectoway Solar","description":"","publisher":{"@id":"https:\/\/connectoway.com.br\/solar\/#organization"},"potentialAction":[{"@type":"SearchAction","target":{"@type":"EntryPoint","urlTemplate":"https:\/\/connectoway.com.br\/solar\/?s={search_term_string}"},"query-input":"required name=search_term_string"}],"inLanguage":"pt-BR"},{"@type":"Organization","@id":"https:\/\/connectoway.com.br\/solar\/#organization","name":"Connectoway Solar","url":"https:\/\/connectoway.com.br\/solar\/","logo":{"@type":"ImageObject","inLanguage":"pt-BR","@id":"https:\/\/connectoway.com.br\/solar\/#\/schema\/logo\/image\/","url":"https:\/\/connectoway.com.br\/solar\/wp-content\/uploads\/2023\/09\/connectoway_solar_vertical.png","contentUrl":"https:\/\/connectoway.com.br\/solar\/wp-content\/uploads\/2023\/09\/connectoway_solar_vertical.png","width":1080,"height":1080,"caption":"Connectoway Solar"},"image":{"@id":"https:\/\/connectoway.com.br\/solar\/#\/schema\/logo\/image\/"},"sameAs":["https:\/\/www.instagram.com\/connectowaysolar\/"]},{"@type":"Person","@id":"https:\/\/connectoway.com.br\/solar\/#\/schema\/person\/c2e9a752065c9079f291d6df0f7ed87e","name":"Emanuel Vieira","image":{"@type":"ImageObject","inLanguage":"pt-BR","@id":"https:\/\/connectoway.com.br\/solar\/#\/schema\/person\/image\/","url":"https:\/\/secure.gravatar.com\/avatar\/e35c67bb069910c73b6f0ed4c6902271d76dddcb0aad872825087860efe3b535?s=96&d=mm&r=g","contentUrl":"https:\/\/secure.gravatar.com\/avatar\/e35c67bb069910c73b6f0ed4c6902271d76dddcb0aad872825087860efe3b535?s=96&d=mm&r=g","caption":"Emanuel Vieira"},"url":"https:\/\/connectoway.com.br\/solar\/author\/emanuel-vieira\/"}]}},"_links":{"self":[{"href":"https:\/\/connectoway.com.br\/solar\/wp-json\/wp\/v2\/posts\/354","targetHints":{"allow":["GET"]}}],"collection":[{"href":"https:\/\/connectoway.com.br\/solar\/wp-json\/wp\/v2\/posts"}],"about":[{"href":"https:\/\/connectoway.com.br\/solar\/wp-json\/wp\/v2\/types\/post"}],"author":[{"embeddable":true,"href":"https:\/\/connectoway.com.br\/solar\/wp-json\/wp\/v2\/users\/3"}],"replies":[{"embeddable":true,"href":"https:\/\/connectoway.com.br\/solar\/wp-json\/wp\/v2\/comments?post=354"}],"version-history":[{"count":3,"href":"https:\/\/connectoway.com.br\/solar\/wp-json\/wp\/v2\/posts\/354\/revisions"}],"predecessor-version":[{"id":363,"href":"https:\/\/connectoway.com.br\/solar\/wp-json\/wp\/v2\/posts\/354\/revisions\/363"}],"wp:attachment":[{"href":"https:\/\/connectoway.com.br\/solar\/wp-json\/wp\/v2\/media?parent=354"}],"wp:term":[{"taxonomy":"category","embeddable":true,"href":"https:\/\/connectoway.com.br\/solar\/wp-json\/wp\/v2\/categories?post=354"},{"taxonomy":"post_tag","embeddable":true,"href":"https:\/\/connectoway.com.br\/solar\/wp-json\/wp\/v2\/tags?post=354"}],"curies":[{"name":"wp","href":"https:\/\/api.w.org\/{rel}","templated":true}]}}