{"id":339,"date":"2023-11-17T18:09:20","date_gmt":"2023-11-17T21:09:20","guid":{"rendered":"https:\/\/connectoway.com.br\/solar\/?p=339"},"modified":"2023-11-17T18:09:20","modified_gmt":"2023-11-17T21:09:20","slug":"convencao-huawei-sobre-energia-solar-chega-a-recife","status":"publish","type":"post","link":"https:\/\/connectoway.com.br\/solar\/convencao-huawei-sobre-energia-solar-chega-a-recife\/","title":{"rendered":"Conven\u00e7\u00e3o Huawei sobre energia solar chega a Recife"},"content":{"rendered":"<p>Nos pr\u00f3ximos dias 21 e 22 de novembro, Recife ser\u00e1 palco para a Conven\u00e7\u00e3o Huawei \u2013 o Despertar da For\u00e7a, realizada em parceria com a HDT e a Connectoway Solar. O evento, que acontece no Grand Mercure Recife, em Boa Viagem, abordar\u00e1 atualiza\u00e7\u00f5es sobre o mercado de energia solar, novos equipamentos e regulamenta\u00e7\u00e3o. O evento ser\u00e1 totalmente presencial e as inscri\u00e7\u00f5es limitadas e gratuitas devem ser feitas at\u00e9 o domingo (dia 19), <a href=\"https:\/\/materiais.hdt.energy\/convencao_huawei_rec\/\">atrav\u00e9s deste link<\/a>.<\/p>\n<p>No primeiro dia (21\/11), a Conven\u00e7\u00e3o Huawei inicia \u00e0s 14h, com uma programa\u00e7\u00e3o intensa de palestras com Luzer Oliveira (<a href=\"https:\/\/connectoway.com.br\/solar\/\">Connectoway Solar<\/a>), Leandro Beato (HDT), Lucas Cortez Pimentel (advogado), Jo\u00e3o Vazquez (Revo) e Vanessa Martins (Engenheira El\u00e9trica). Tamb\u00e9m ter\u00e1 um painel sobre o Mercado de Energia Solar, com Luzer Oliveira, Leandro Beato e Jo\u00e3o Henrique Lins, Diretor da El\u00e9tron Energy.<\/p>\n<p><img loading=\"lazy\" decoding=\"async\" class=\"aligncenter size-large wp-image-340\" src=\"http:\/\/connectoway.com.br\/solar\/wp-content\/uploads\/2023\/11\/WhatsApp-Image-2023-11-16-at-12.08.07-1024x1024.jpeg\" alt=\"conven\u00e7\u00e3o\" width=\"1024\" height=\"1024\" srcset=\"https:\/\/connectoway.com.br\/solar\/wp-content\/uploads\/2023\/11\/WhatsApp-Image-2023-11-16-at-12.08.07-1024x1024.jpeg 1024w, https:\/\/connectoway.com.br\/solar\/wp-content\/uploads\/2023\/11\/WhatsApp-Image-2023-11-16-at-12.08.07-300x300.jpeg 300w, https:\/\/connectoway.com.br\/solar\/wp-content\/uploads\/2023\/11\/WhatsApp-Image-2023-11-16-at-12.08.07-150x150.jpeg 150w, https:\/\/connectoway.com.br\/solar\/wp-content\/uploads\/2023\/11\/WhatsApp-Image-2023-11-16-at-12.08.07-768x768.jpeg 768w, https:\/\/connectoway.com.br\/solar\/wp-content\/uploads\/2023\/11\/WhatsApp-Image-2023-11-16-at-12.08.07.jpeg 1080w\" sizes=\"auto, (max-width: 1024px) 100vw, 1024px\" \/><\/p>\n<p>Para Luzer Oliveira, Head da Connectoway Solar, falar sobre o mercado de energia solar \u00e9 sempre muito importante. \u201c\u00c9 uma honra participar da Conven\u00e7\u00e3o Huawei. O Nordeste tem muito potencial para a energia solar e encontros como este trazem mais informa\u00e7\u00e3o e profissionalismo para todo o setor\u201d, diz Luzer Oliveira.<\/p>\n<p>O CSO da HDT, Bruno Monteiro, considera a conven\u00e7\u00e3o um marco na trajet\u00f3ria comercial da empresa. \u201cEm um mundo din\u00e2mico e desafiador, nossa for\u00e7a como time \u00e9 a chave para superar metas. Juntos, moldaremos um futuro de sucesso, inovando, colaborando e conquistando cada desafio. Nossa dedica\u00e7\u00e3o \u00e9 o combust\u00edvel que impulsionar\u00e1 nossas vendas a patamares ainda mais elevados. Vamos inspirar, conquistar, prosperar, capacitar, porque o sucesso come\u00e7a com cada um de n\u00f3s&#8221;, afirma Bruno.<\/p>\n<p>No segundo dia (22\/11), a programa\u00e7\u00e3o segue com treinamento e prova para a certifica\u00e7\u00e3o da Huawei. O Certification Day \u00e9 para integradores, t\u00e9cnicos, instaladores e engenheiros que operam com os equipamentos da marca.<\/p>\n<p>&nbsp;<\/p>\n","protected":false},"excerpt":{"rendered":"<p>Nos pr\u00f3ximos dias 21 e 22 de novembro, Recife ser\u00e1 palco para a Conven\u00e7\u00e3o Huawei \u2013 o Despertar da For\u00e7a, realizada em parceria com a HDT e a Connectoway Solar. O evento, que acontece no Grand Mercure Recife, em Boa Viagem, abordar\u00e1 atualiza\u00e7\u00f5es sobre o mercado de energia solar, novos equipamentos e regulamenta\u00e7\u00e3o. O evento [&hellip;]<\/p>\n","protected":false},"author":3,"featured_media":0,"comment_status":"open","ping_status":"open","sticky":false,"template":"","format":"standard","meta":{"inline_featured_image":false,"footnotes":""},"categories":[14],"tags":[24,21,23,22,19],"class_list":["post-339","post","type-post","status-publish","format-standard","hentry","category-eventos","tag-connectoway-solar","tag-convencao","tag-hdt","tag-huawei","tag-luzer-oliveira"],"acf":[],"yoast_head":"<!-- This site is optimized with the Yoast SEO plugin v21.2 - https:\/\/yoast.com\/wordpress\/plugins\/seo\/ -->\n<title>Conven\u00e7\u00e3o Huawei sobre energia solar chega a Recife - Connectoway Solar<\/title>\n<meta name=\"description\" content=\"Inscreva-se para a conven\u00e7\u00e3o Huawei, nos dias 21 e 22\/11, no Grand Mercure, no Recife\/PE, para integradores de energia solar.\" \/>\n<meta name=\"robots\" content=\"index, follow, max-snippet:-1, max-image-preview:large, max-video-preview:-1\" \/>\n<link rel=\"canonical\" href=\"https:\/\/connectoway.com.br\/solar\/convencao-huawei-sobre-energia-solar-chega-a-recife\/\" \/>\n<meta property=\"og:locale\" content=\"pt_BR\" \/>\n<meta property=\"og:type\" content=\"article\" \/>\n<meta property=\"og:title\" content=\"Conven\u00e7\u00e3o Huawei sobre energia solar chega a Recife - Connectoway Solar\" \/>\n<meta property=\"og:description\" content=\"Inscreva-se para a conven\u00e7\u00e3o Huawei, nos dias 21 e 22\/11, no Grand Mercure, no Recife\/PE, para integradores de energia solar.\" \/>\n<meta property=\"og:url\" content=\"https:\/\/connectoway.com.br\/solar\/convencao-huawei-sobre-energia-solar-chega-a-recife\/\" \/>\n<meta property=\"og:site_name\" content=\"Connectoway Solar\" \/>\n<meta property=\"article:published_time\" content=\"2023-11-17T21:09:20+00:00\" \/>\n<meta property=\"og:image\" content=\"http:\/\/connectoway.com.br\/solar\/wp-content\/uploads\/2023\/11\/WhatsApp-Image-2023-11-16-at-12.08.07-1024x1024.jpeg\" \/>\n<meta name=\"author\" content=\"Emanuel Vieira\" \/>\n<meta name=\"twitter:card\" content=\"summary_large_image\" \/>\n<meta name=\"twitter:label1\" content=\"Escrito por\" \/>\n\t<meta name=\"twitter:data1\" content=\"Emanuel Vieira\" \/>\n\t<meta name=\"twitter:label2\" content=\"Est. tempo de leitura\" \/>\n\t<meta name=\"twitter:data2\" content=\"2 minutos\" \/>\n<script type=\"application\/ld+json\" class=\"yoast-schema-graph\">{\"@context\":\"https:\/\/schema.org\",\"@graph\":[{\"@type\":\"Article\",\"@id\":\"https:\/\/connectoway.com.br\/solar\/convencao-huawei-sobre-energia-solar-chega-a-recife\/#article\",\"isPartOf\":{\"@id\":\"https:\/\/connectoway.com.br\/solar\/convencao-huawei-sobre-energia-solar-chega-a-recife\/\"},\"author\":{\"name\":\"Emanuel Vieira\",\"@id\":\"https:\/\/connectoway.com.br\/solar\/#\/schema\/person\/c2e9a752065c9079f291d6df0f7ed87e\"},\"headline\":\"Conven\u00e7\u00e3o Huawei sobre energia solar chega a Recife\",\"datePublished\":\"2023-11-17T21:09:20+00:00\",\"dateModified\":\"2023-11-17T21:09:20+00:00\",\"mainEntityOfPage\":{\"@id\":\"https:\/\/connectoway.com.br\/solar\/convencao-huawei-sobre-energia-solar-chega-a-recife\/\"},\"wordCount\":317,\"commentCount\":0,\"publisher\":{\"@id\":\"https:\/\/connectoway.com.br\/solar\/#organization\"},\"keywords\":[\"connectoway solar\",\"conven\u00e7\u00e3o\",\"hdt\",\"huawei\",\"luzer oliveira\"],\"articleSection\":[\"Eventos\"],\"inLanguage\":\"pt-BR\",\"potentialAction\":[{\"@type\":\"CommentAction\",\"name\":\"Comment\",\"target\":[\"https:\/\/connectoway.com.br\/solar\/convencao-huawei-sobre-energia-solar-chega-a-recife\/#respond\"]}]},{\"@type\":\"WebPage\",\"@id\":\"https:\/\/connectoway.com.br\/solar\/convencao-huawei-sobre-energia-solar-chega-a-recife\/\",\"url\":\"https:\/\/connectoway.com.br\/solar\/convencao-huawei-sobre-energia-solar-chega-a-recife\/\",\"name\":\"Conven\u00e7\u00e3o Huawei sobre energia solar chega a Recife - Connectoway Solar\",\"isPartOf\":{\"@id\":\"https:\/\/connectoway.com.br\/solar\/#website\"},\"datePublished\":\"2023-11-17T21:09:20+00:00\",\"dateModified\":\"2023-11-17T21:09:20+00:00\",\"description\":\"Inscreva-se para a conven\u00e7\u00e3o Huawei, nos dias 21 e 22\/11, no Grand Mercure, no Recife\/PE, para integradores de energia solar.\",\"breadcrumb\":{\"@id\":\"https:\/\/connectoway.com.br\/solar\/convencao-huawei-sobre-energia-solar-chega-a-recife\/#breadcrumb\"},\"inLanguage\":\"pt-BR\",\"potentialAction\":[{\"@type\":\"ReadAction\",\"target\":[\"https:\/\/connectoway.com.br\/solar\/convencao-huawei-sobre-energia-solar-chega-a-recife\/\"]}]},{\"@type\":\"BreadcrumbList\",\"@id\":\"https:\/\/connectoway.com.br\/solar\/convencao-huawei-sobre-energia-solar-chega-a-recife\/#breadcrumb\",\"itemListElement\":[{\"@type\":\"ListItem\",\"position\":1,\"name\":\"In\u00edcio\",\"item\":\"https:\/\/connectoway.com.br\/solar\/\"},{\"@type\":\"ListItem\",\"position\":2,\"name\":\"Conven\u00e7\u00e3o Huawei sobre energia solar chega a Recife\"}]},{\"@type\":\"WebSite\",\"@id\":\"https:\/\/connectoway.com.br\/solar\/#website\",\"url\":\"https:\/\/connectoway.com.br\/solar\/\",\"name\":\"Connectoway Solar\",\"description\":\"\",\"publisher\":{\"@id\":\"https:\/\/connectoway.com.br\/solar\/#organization\"},\"potentialAction\":[{\"@type\":\"SearchAction\",\"target\":{\"@type\":\"EntryPoint\",\"urlTemplate\":\"https:\/\/connectoway.com.br\/solar\/?s={search_term_string}\"},\"query-input\":\"required name=search_term_string\"}],\"inLanguage\":\"pt-BR\"},{\"@type\":\"Organization\",\"@id\":\"https:\/\/connectoway.com.br\/solar\/#organization\",\"name\":\"Connectoway Solar\",\"url\":\"https:\/\/connectoway.com.br\/solar\/\",\"logo\":{\"@type\":\"ImageObject\",\"inLanguage\":\"pt-BR\",\"@id\":\"https:\/\/connectoway.com.br\/solar\/#\/schema\/logo\/image\/\",\"url\":\"https:\/\/connectoway.com.br\/solar\/wp-content\/uploads\/2023\/09\/connectoway_solar_vertical.png\",\"contentUrl\":\"https:\/\/connectoway.com.br\/solar\/wp-content\/uploads\/2023\/09\/connectoway_solar_vertical.png\",\"width\":1080,\"height\":1080,\"caption\":\"Connectoway Solar\"},\"image\":{\"@id\":\"https:\/\/connectoway.com.br\/solar\/#\/schema\/logo\/image\/\"},\"sameAs\":[\"https:\/\/www.instagram.com\/connectowaysolar\/\"]},{\"@type\":\"Person\",\"@id\":\"https:\/\/connectoway.com.br\/solar\/#\/schema\/person\/c2e9a752065c9079f291d6df0f7ed87e\",\"name\":\"Emanuel Vieira\",\"image\":{\"@type\":\"ImageObject\",\"inLanguage\":\"pt-BR\",\"@id\":\"https:\/\/connectoway.com.br\/solar\/#\/schema\/person\/image\/\",\"url\":\"https:\/\/secure.gravatar.com\/avatar\/e35c67bb069910c73b6f0ed4c6902271d76dddcb0aad872825087860efe3b535?s=96&d=mm&r=g\",\"contentUrl\":\"https:\/\/secure.gravatar.com\/avatar\/e35c67bb069910c73b6f0ed4c6902271d76dddcb0aad872825087860efe3b535?s=96&d=mm&r=g\",\"caption\":\"Emanuel Vieira\"},\"url\":\"https:\/\/connectoway.com.br\/solar\/author\/emanuel-vieira\/\"}]}<\/script>\n<!-- \/ Yoast SEO plugin. -->","yoast_head_json":{"title":"Conven\u00e7\u00e3o Huawei sobre energia solar chega a Recife - Connectoway Solar","description":"Inscreva-se para a conven\u00e7\u00e3o Huawei, nos dias 21 e 22\/11, no Grand Mercure, no Recife\/PE, para integradores de energia solar.","robots":{"index":"index","follow":"follow","max-snippet":"max-snippet:-1","max-image-preview":"max-image-preview:large","max-video-preview":"max-video-preview:-1"},"canonical":"https:\/\/connectoway.com.br\/solar\/convencao-huawei-sobre-energia-solar-chega-a-recife\/","og_locale":"pt_BR","og_type":"article","og_title":"Conven\u00e7\u00e3o Huawei sobre energia solar chega a Recife - Connectoway Solar","og_description":"Inscreva-se para a conven\u00e7\u00e3o Huawei, nos dias 21 e 22\/11, no Grand Mercure, no Recife\/PE, para integradores de energia solar.","og_url":"https:\/\/connectoway.com.br\/solar\/convencao-huawei-sobre-energia-solar-chega-a-recife\/","og_site_name":"Connectoway Solar","article_published_time":"2023-11-17T21:09:20+00:00","og_image":[{"url":"http:\/\/connectoway.com.br\/solar\/wp-content\/uploads\/2023\/11\/WhatsApp-Image-2023-11-16-at-12.08.07-1024x1024.jpeg"}],"author":"Emanuel Vieira","twitter_card":"summary_large_image","twitter_misc":{"Escrito por":"Emanuel Vieira","Est. tempo de leitura":"2 minutos"},"schema":{"@context":"https:\/\/schema.org","@graph":[{"@type":"Article","@id":"https:\/\/connectoway.com.br\/solar\/convencao-huawei-sobre-energia-solar-chega-a-recife\/#article","isPartOf":{"@id":"https:\/\/connectoway.com.br\/solar\/convencao-huawei-sobre-energia-solar-chega-a-recife\/"},"author":{"name":"Emanuel Vieira","@id":"https:\/\/connectoway.com.br\/solar\/#\/schema\/person\/c2e9a752065c9079f291d6df0f7ed87e"},"headline":"Conven\u00e7\u00e3o Huawei sobre energia solar chega a Recife","datePublished":"2023-11-17T21:09:20+00:00","dateModified":"2023-11-17T21:09:20+00:00","mainEntityOfPage":{"@id":"https:\/\/connectoway.com.br\/solar\/convencao-huawei-sobre-energia-solar-chega-a-recife\/"},"wordCount":317,"commentCount":0,"publisher":{"@id":"https:\/\/connectoway.com.br\/solar\/#organization"},"keywords":["connectoway solar","conven\u00e7\u00e3o","hdt","huawei","luzer oliveira"],"articleSection":["Eventos"],"inLanguage":"pt-BR","potentialAction":[{"@type":"CommentAction","name":"Comment","target":["https:\/\/connectoway.com.br\/solar\/convencao-huawei-sobre-energia-solar-chega-a-recife\/#respond"]}]},{"@type":"WebPage","@id":"https:\/\/connectoway.com.br\/solar\/convencao-huawei-sobre-energia-solar-chega-a-recife\/","url":"https:\/\/connectoway.com.br\/solar\/convencao-huawei-sobre-energia-solar-chega-a-recife\/","name":"Conven\u00e7\u00e3o Huawei sobre energia solar chega a Recife - Connectoway Solar","isPartOf":{"@id":"https:\/\/connectoway.com.br\/solar\/#website"},"datePublished":"2023-11-17T21:09:20+00:00","dateModified":"2023-11-17T21:09:20+00:00","description":"Inscreva-se para a conven\u00e7\u00e3o Huawei, nos dias 21 e 22\/11, no Grand Mercure, no Recife\/PE, para integradores de energia solar.","breadcrumb":{"@id":"https:\/\/connectoway.com.br\/solar\/convencao-huawei-sobre-energia-solar-chega-a-recife\/#breadcrumb"},"inLanguage":"pt-BR","potentialAction":[{"@type":"ReadAction","target":["https:\/\/connectoway.com.br\/solar\/convencao-huawei-sobre-energia-solar-chega-a-recife\/"]}]},{"@type":"BreadcrumbList","@id":"https:\/\/connectoway.com.br\/solar\/convencao-huawei-sobre-energia-solar-chega-a-recife\/#breadcrumb","itemListElement":[{"@type":"ListItem","position":1,"name":"In\u00edcio","item":"https:\/\/connectoway.com.br\/solar\/"},{"@type":"ListItem","position":2,"name":"Conven\u00e7\u00e3o Huawei sobre energia solar chega a Recife"}]},{"@type":"WebSite","@id":"https:\/\/connectoway.com.br\/solar\/#website","url":"https:\/\/connectoway.com.br\/solar\/","name":"Connectoway Solar","description":"","publisher":{"@id":"https:\/\/connectoway.com.br\/solar\/#organization"},"potentialAction":[{"@type":"SearchAction","target":{"@type":"EntryPoint","urlTemplate":"https:\/\/connectoway.com.br\/solar\/?s={search_term_string}"},"query-input":"required name=search_term_string"}],"inLanguage":"pt-BR"},{"@type":"Organization","@id":"https:\/\/connectoway.com.br\/solar\/#organization","name":"Connectoway Solar","url":"https:\/\/connectoway.com.br\/solar\/","logo":{"@type":"ImageObject","inLanguage":"pt-BR","@id":"https:\/\/connectoway.com.br\/solar\/#\/schema\/logo\/image\/","url":"https:\/\/connectoway.com.br\/solar\/wp-content\/uploads\/2023\/09\/connectoway_solar_vertical.png","contentUrl":"https:\/\/connectoway.com.br\/solar\/wp-content\/uploads\/2023\/09\/connectoway_solar_vertical.png","width":1080,"height":1080,"caption":"Connectoway Solar"},"image":{"@id":"https:\/\/connectoway.com.br\/solar\/#\/schema\/logo\/image\/"},"sameAs":["https:\/\/www.instagram.com\/connectowaysolar\/"]},{"@type":"Person","@id":"https:\/\/connectoway.com.br\/solar\/#\/schema\/person\/c2e9a752065c9079f291d6df0f7ed87e","name":"Emanuel Vieira","image":{"@type":"ImageObject","inLanguage":"pt-BR","@id":"https:\/\/connectoway.com.br\/solar\/#\/schema\/person\/image\/","url":"https:\/\/secure.gravatar.com\/avatar\/e35c67bb069910c73b6f0ed4c6902271d76dddcb0aad872825087860efe3b535?s=96&d=mm&r=g","contentUrl":"https:\/\/secure.gravatar.com\/avatar\/e35c67bb069910c73b6f0ed4c6902271d76dddcb0aad872825087860efe3b535?s=96&d=mm&r=g","caption":"Emanuel Vieira"},"url":"https:\/\/connectoway.com.br\/solar\/author\/emanuel-vieira\/"}]}},"_links":{"self":[{"href":"https:\/\/connectoway.com.br\/solar\/wp-json\/wp\/v2\/posts\/339","targetHints":{"allow":["GET"]}}],"collection":[{"href":"https:\/\/connectoway.com.br\/solar\/wp-json\/wp\/v2\/posts"}],"about":[{"href":"https:\/\/connectoway.com.br\/solar\/wp-json\/wp\/v2\/types\/post"}],"author":[{"embeddable":true,"href":"https:\/\/connectoway.com.br\/solar\/wp-json\/wp\/v2\/users\/3"}],"replies":[{"embeddable":true,"href":"https:\/\/connectoway.com.br\/solar\/wp-json\/wp\/v2\/comments?post=339"}],"version-history":[{"count":1,"href":"https:\/\/connectoway.com.br\/solar\/wp-json\/wp\/v2\/posts\/339\/revisions"}],"predecessor-version":[{"id":342,"href":"https:\/\/connectoway.com.br\/solar\/wp-json\/wp\/v2\/posts\/339\/revisions\/342"}],"wp:attachment":[{"href":"https:\/\/connectoway.com.br\/solar\/wp-json\/wp\/v2\/media?parent=339"}],"wp:term":[{"taxonomy":"category","embeddable":true,"href":"https:\/\/connectoway.com.br\/solar\/wp-json\/wp\/v2\/categories?post=339"},{"taxonomy":"post_tag","embeddable":true,"href":"https:\/\/connectoway.com.br\/solar\/wp-json\/wp\/v2\/tags?post=339"}],"curies":[{"name":"wp","href":"https:\/\/api.w.org\/{rel}","templated":true}]}}