{"id":323,"date":"2023-09-27T22:19:00","date_gmt":"2023-09-28T01:19:00","guid":{"rendered":"https:\/\/connectoway.com.br\/solar\/?p=323"},"modified":"2023-09-27T22:19:00","modified_gmt":"2023-09-28T01:19:00","slug":"connectoway-solar-participa-do-absolar-meeting-2023","status":"publish","type":"post","link":"https:\/\/connectoway.com.br\/solar\/connectoway-solar-participa-do-absolar-meeting-2023\/","title":{"rendered":"Connectoway Solar participa do Absolar Meeting 2023"},"content":{"rendered":"<p><span style=\"font-weight: 400;\">A Connectoway Solar participa, nesta quinta-feira (28\/09), das 8h \u00e0s 18h, do <\/span><span style=\"font-weight: 400;\">Absolar Meeting<\/span><span style=\"font-weight: 400;\"> Nordeste 2023. O evento ser\u00e1 realizado no Mar Hotel (Recife\/PE) e re\u00fane diversos integradores do setor de energia solar, segunda principal fonte de energia do Brasil, e palestras com grandes nomes do mercado, compartilhando perspectivas envolvendo a tecnologia solar fotovoltaica, insights para a gera\u00e7\u00e3o pr\u00f3pria de energia e estrat\u00e9gias para dinamizar os neg\u00f3cios e obter mais sucesso no mercado.<\/span><\/p>\n<p><span style=\"font-weight: 400;\">A Connectoway marca presen\u00e7a no evento com estande e apresenta painel que discute as estrat\u00e9gias necess\u00e1rias para se manter e crescer as vendas de projetos solares. O painel tem como t\u00edtulo \u201cComo ser\u00e1 o Integrador do Futuro<\/span><span style=\"font-weight: 400;\">?\u201d e ser\u00e1 <\/span><span style=\"font-weight: 400;\">ministrado por Luzer Oliveira, Head de Solar da Connectoway.<\/span><\/p>\n<p><span style=\"font-weight: 400;\">\u201cFicamos muito honrados em receber a Absolar para este evento aqui no Recife. O Nordeste tem muito potencial para a Energia Solar e encontros como este trazem mais informa\u00e7\u00e3o e profissionalismo para o setor\u201d, afirma Luzer Oliveira, Head de Solar da Connectoway.<\/span><\/p>\n<p><span style=\"font-weight: 400;\">A programa\u00e7\u00e3o inclui um momento para autoridades e representantes da administra\u00e7\u00e3o p\u00fablica compartilharem perspectivas envolvendo a tecnologia solar fotovoltaica no Nordeste e no Brasil, com destaque para as a\u00e7\u00f5es desenvolvidas e para as oportunidades de acelerar o crescimento deste mercado.<\/span><\/p>\n<p><span style=\"font-weight: 400;\">Entre os temas a serem debatidos, a Absolar traz para o evento assuntos relacionados \u00e0 legisla\u00e7\u00e3o e regulat\u00f3rios do setor, como potencializar o neg\u00f3cio e como desenvolver o mercado de energia solar, al\u00e9m de novos cen\u00e1rios, como Mercado Livre de Energia e Autoprodu\u00e7\u00e3o.<\/span><\/p>\n<p><span style=\"font-weight: 400;\">Voc\u00ea pode acompanhar toda a programa\u00e7\u00e3o no site do evento, <\/span><a href=\"https:\/\/absolarmeeting.org.br\/programacao-nordeste\/\"><span style=\"font-weight: 400;\">clicando aqui.<\/span><\/a><\/p>\n<p>&nbsp;<\/p>\n<p><b>Sobre o Absolar Meeting<\/b><\/p>\n<p><span style=\"font-weight: 400;\">O Absolar Meeting \u00e9 um evento, com dura\u00e7\u00e3o de um dia, realizado pela <\/span><a href=\"https:\/\/www.absolar.org.br\/\"><span style=\"font-weight: 400;\">Associa\u00e7\u00e3o Brasileira de Energia Solar Fotovoltaica<\/span><\/a><span style=\"font-weight: 400;\">, a Absolar, e traz os principais temas em destaque do setor, tanto regionalmente quanto nacionalmente. A ideia \u00e9 trazer um conte\u00fado rico para que os integradores possam se atualizar, al\u00e9m de promover networking entre os participantes, gerando neg\u00f3cios.<\/span><\/p>\n<p><span style=\"font-weight: 400;\">O evento acontece nas 5 regi\u00f5es do pa\u00eds e \u00e9 disponibilizado online em at\u00e9 72h ap\u00f3s o t\u00e9rmino. Os participantes conseguem acessar o conte\u00fado debatido, al\u00e9m de poder visitar os stands virtuais dos parceiros e conhecer as solu\u00e7\u00f5es que cada um oferece.<\/span><\/p>\n<p><span style=\"font-weight: 400;\">A edi\u00e7\u00e3o Nordeste \u00e9 a quarta a ser realizada este ano, j\u00e1 tendo acontecido nas regi\u00f5es Norte, Sudeste e Centro-Oeste. A pr\u00f3xima edi\u00e7\u00e3o acontecer\u00e1 no dia 17 de outubro, no Sul do pa\u00eds.<\/span><\/p>\n<p>&nbsp;<\/p>\n<p><span style=\"font-weight: 400;\">Ficou interessado e quer saber mais sobre a Connectoway Solar? \u00c9 s\u00f3 assinar a nossa newsletter e ficar por dentro de tudo o que acontece por aqui. <\/span><a href=\"https:\/\/connectoway.com.br\/solar\/\"><span style=\"font-weight: 400;\">Clique aqui e inscreva-se<\/span><\/a><span style=\"font-weight: 400;\">!<\/span><\/p>\n","protected":false},"excerpt":{"rendered":"<p>A Connectoway Solar participa, nesta quinta-feira (28\/09), das 8h \u00e0s 18h, do Absolar Meeting Nordeste 2023. O evento ser\u00e1 realizado no Mar Hotel (Recife\/PE) e re\u00fane diversos integradores do setor de energia solar, segunda principal fonte de energia do Brasil, e palestras com grandes nomes do mercado, compartilhando perspectivas envolvendo a tecnologia solar fotovoltaica, insights [&hellip;]<\/p>\n","protected":false},"author":3,"featured_media":0,"comment_status":"open","ping_status":"open","sticky":false,"template":"","format":"standard","meta":{"inline_featured_image":false,"footnotes":""},"categories":[14],"tags":[15,16,17,19,18],"class_list":["post-323","post","type-post","status-publish","format-standard","hentry","category-eventos","tag-absolar","tag-absolar-meeting","tag-energia-solar","tag-luzer-oliveira","tag-palestra"],"acf":[],"yoast_head":"<!-- This site is optimized with the Yoast SEO plugin v21.2 - https:\/\/yoast.com\/wordpress\/plugins\/seo\/ -->\n<title>Connectoway Solar participa do Absolar Meeting 2023 - Connectoway Solar<\/title>\n<meta name=\"description\" content=\"A Connectoway Solar participa do Absolar Meeting Nordeste 2023, no dia 28\/09, das 8h \u00e0s 18h, no Mar Hotel (Recife\/PE).\" \/>\n<meta name=\"robots\" content=\"index, follow, max-snippet:-1, max-image-preview:large, max-video-preview:-1\" \/>\n<link rel=\"canonical\" href=\"https:\/\/connectoway.com.br\/solar\/connectoway-solar-participa-do-absolar-meeting-2023\/\" \/>\n<meta property=\"og:locale\" content=\"pt_BR\" \/>\n<meta property=\"og:type\" content=\"article\" \/>\n<meta property=\"og:title\" content=\"Connectoway Solar participa do Absolar Meeting 2023 - Connectoway Solar\" \/>\n<meta property=\"og:description\" content=\"A Connectoway Solar participa do Absolar Meeting Nordeste 2023, no dia 28\/09, das 8h \u00e0s 18h, no Mar Hotel (Recife\/PE).\" \/>\n<meta property=\"og:url\" content=\"https:\/\/connectoway.com.br\/solar\/connectoway-solar-participa-do-absolar-meeting-2023\/\" \/>\n<meta property=\"og:site_name\" content=\"Connectoway Solar\" \/>\n<meta property=\"article:published_time\" content=\"2023-09-28T01:19:00+00:00\" \/>\n<meta name=\"author\" content=\"Emanuel Vieira\" \/>\n<meta name=\"twitter:card\" content=\"summary_large_image\" \/>\n<meta name=\"twitter:label1\" content=\"Escrito por\" \/>\n\t<meta name=\"twitter:data1\" content=\"Emanuel Vieira\" \/>\n\t<meta name=\"twitter:label2\" content=\"Est. tempo de leitura\" \/>\n\t<meta name=\"twitter:data2\" content=\"3 minutos\" \/>\n<script type=\"application\/ld+json\" class=\"yoast-schema-graph\">{\"@context\":\"https:\/\/schema.org\",\"@graph\":[{\"@type\":\"Article\",\"@id\":\"https:\/\/connectoway.com.br\/solar\/connectoway-solar-participa-do-absolar-meeting-2023\/#article\",\"isPartOf\":{\"@id\":\"https:\/\/connectoway.com.br\/solar\/connectoway-solar-participa-do-absolar-meeting-2023\/\"},\"author\":{\"name\":\"Emanuel Vieira\",\"@id\":\"https:\/\/connectoway.com.br\/solar\/#\/schema\/person\/c2e9a752065c9079f291d6df0f7ed87e\"},\"headline\":\"Connectoway Solar participa do Absolar Meeting 2023\",\"datePublished\":\"2023-09-28T01:19:00+00:00\",\"dateModified\":\"2023-09-28T01:19:00+00:00\",\"mainEntityOfPage\":{\"@id\":\"https:\/\/connectoway.com.br\/solar\/connectoway-solar-participa-do-absolar-meeting-2023\/\"},\"wordCount\":462,\"commentCount\":0,\"publisher\":{\"@id\":\"https:\/\/connectoway.com.br\/solar\/#organization\"},\"keywords\":[\"absolar\",\"absolar meeting\",\"energia solar\",\"luzer oliveira\",\"palestra\"],\"articleSection\":[\"Eventos\"],\"inLanguage\":\"pt-BR\",\"potentialAction\":[{\"@type\":\"CommentAction\",\"name\":\"Comment\",\"target\":[\"https:\/\/connectoway.com.br\/solar\/connectoway-solar-participa-do-absolar-meeting-2023\/#respond\"]}]},{\"@type\":\"WebPage\",\"@id\":\"https:\/\/connectoway.com.br\/solar\/connectoway-solar-participa-do-absolar-meeting-2023\/\",\"url\":\"https:\/\/connectoway.com.br\/solar\/connectoway-solar-participa-do-absolar-meeting-2023\/\",\"name\":\"Connectoway Solar participa do Absolar Meeting 2023 - Connectoway Solar\",\"isPartOf\":{\"@id\":\"https:\/\/connectoway.com.br\/solar\/#website\"},\"datePublished\":\"2023-09-28T01:19:00+00:00\",\"dateModified\":\"2023-09-28T01:19:00+00:00\",\"description\":\"A Connectoway Solar participa do Absolar Meeting Nordeste 2023, no dia 28\/09, das 8h \u00e0s 18h, no Mar Hotel (Recife\/PE).\",\"breadcrumb\":{\"@id\":\"https:\/\/connectoway.com.br\/solar\/connectoway-solar-participa-do-absolar-meeting-2023\/#breadcrumb\"},\"inLanguage\":\"pt-BR\",\"potentialAction\":[{\"@type\":\"ReadAction\",\"target\":[\"https:\/\/connectoway.com.br\/solar\/connectoway-solar-participa-do-absolar-meeting-2023\/\"]}]},{\"@type\":\"BreadcrumbList\",\"@id\":\"https:\/\/connectoway.com.br\/solar\/connectoway-solar-participa-do-absolar-meeting-2023\/#breadcrumb\",\"itemListElement\":[{\"@type\":\"ListItem\",\"position\":1,\"name\":\"In\u00edcio\",\"item\":\"https:\/\/connectoway.com.br\/solar\/\"},{\"@type\":\"ListItem\",\"position\":2,\"name\":\"Connectoway Solar participa do Absolar Meeting 2023\"}]},{\"@type\":\"WebSite\",\"@id\":\"https:\/\/connectoway.com.br\/solar\/#website\",\"url\":\"https:\/\/connectoway.com.br\/solar\/\",\"name\":\"Connectoway Solar\",\"description\":\"\",\"publisher\":{\"@id\":\"https:\/\/connectoway.com.br\/solar\/#organization\"},\"potentialAction\":[{\"@type\":\"SearchAction\",\"target\":{\"@type\":\"EntryPoint\",\"urlTemplate\":\"https:\/\/connectoway.com.br\/solar\/?s={search_term_string}\"},\"query-input\":\"required name=search_term_string\"}],\"inLanguage\":\"pt-BR\"},{\"@type\":\"Organization\",\"@id\":\"https:\/\/connectoway.com.br\/solar\/#organization\",\"name\":\"Connectoway Solar\",\"url\":\"https:\/\/connectoway.com.br\/solar\/\",\"logo\":{\"@type\":\"ImageObject\",\"inLanguage\":\"pt-BR\",\"@id\":\"https:\/\/connectoway.com.br\/solar\/#\/schema\/logo\/image\/\",\"url\":\"https:\/\/connectoway.com.br\/solar\/wp-content\/uploads\/2023\/09\/connectoway_solar_vertical.png\",\"contentUrl\":\"https:\/\/connectoway.com.br\/solar\/wp-content\/uploads\/2023\/09\/connectoway_solar_vertical.png\",\"width\":1080,\"height\":1080,\"caption\":\"Connectoway Solar\"},\"image\":{\"@id\":\"https:\/\/connectoway.com.br\/solar\/#\/schema\/logo\/image\/\"},\"sameAs\":[\"https:\/\/www.instagram.com\/connectowaysolar\/\"]},{\"@type\":\"Person\",\"@id\":\"https:\/\/connectoway.com.br\/solar\/#\/schema\/person\/c2e9a752065c9079f291d6df0f7ed87e\",\"name\":\"Emanuel Vieira\",\"image\":{\"@type\":\"ImageObject\",\"inLanguage\":\"pt-BR\",\"@id\":\"https:\/\/connectoway.com.br\/solar\/#\/schema\/person\/image\/\",\"url\":\"https:\/\/secure.gravatar.com\/avatar\/e35c67bb069910c73b6f0ed4c6902271d76dddcb0aad872825087860efe3b535?s=96&d=mm&r=g\",\"contentUrl\":\"https:\/\/secure.gravatar.com\/avatar\/e35c67bb069910c73b6f0ed4c6902271d76dddcb0aad872825087860efe3b535?s=96&d=mm&r=g\",\"caption\":\"Emanuel Vieira\"},\"url\":\"https:\/\/connectoway.com.br\/solar\/author\/emanuel-vieira\/\"}]}<\/script>\n<!-- \/ Yoast SEO plugin. -->","yoast_head_json":{"title":"Connectoway Solar participa do Absolar Meeting 2023 - Connectoway Solar","description":"A Connectoway Solar participa do Absolar Meeting Nordeste 2023, no dia 28\/09, das 8h \u00e0s 18h, no Mar Hotel (Recife\/PE).","robots":{"index":"index","follow":"follow","max-snippet":"max-snippet:-1","max-image-preview":"max-image-preview:large","max-video-preview":"max-video-preview:-1"},"canonical":"https:\/\/connectoway.com.br\/solar\/connectoway-solar-participa-do-absolar-meeting-2023\/","og_locale":"pt_BR","og_type":"article","og_title":"Connectoway Solar participa do Absolar Meeting 2023 - Connectoway Solar","og_description":"A Connectoway Solar participa do Absolar Meeting Nordeste 2023, no dia 28\/09, das 8h \u00e0s 18h, no Mar Hotel (Recife\/PE).","og_url":"https:\/\/connectoway.com.br\/solar\/connectoway-solar-participa-do-absolar-meeting-2023\/","og_site_name":"Connectoway Solar","article_published_time":"2023-09-28T01:19:00+00:00","author":"Emanuel Vieira","twitter_card":"summary_large_image","twitter_misc":{"Escrito por":"Emanuel Vieira","Est. tempo de leitura":"3 minutos"},"schema":{"@context":"https:\/\/schema.org","@graph":[{"@type":"Article","@id":"https:\/\/connectoway.com.br\/solar\/connectoway-solar-participa-do-absolar-meeting-2023\/#article","isPartOf":{"@id":"https:\/\/connectoway.com.br\/solar\/connectoway-solar-participa-do-absolar-meeting-2023\/"},"author":{"name":"Emanuel Vieira","@id":"https:\/\/connectoway.com.br\/solar\/#\/schema\/person\/c2e9a752065c9079f291d6df0f7ed87e"},"headline":"Connectoway Solar participa do Absolar Meeting 2023","datePublished":"2023-09-28T01:19:00+00:00","dateModified":"2023-09-28T01:19:00+00:00","mainEntityOfPage":{"@id":"https:\/\/connectoway.com.br\/solar\/connectoway-solar-participa-do-absolar-meeting-2023\/"},"wordCount":462,"commentCount":0,"publisher":{"@id":"https:\/\/connectoway.com.br\/solar\/#organization"},"keywords":["absolar","absolar meeting","energia solar","luzer oliveira","palestra"],"articleSection":["Eventos"],"inLanguage":"pt-BR","potentialAction":[{"@type":"CommentAction","name":"Comment","target":["https:\/\/connectoway.com.br\/solar\/connectoway-solar-participa-do-absolar-meeting-2023\/#respond"]}]},{"@type":"WebPage","@id":"https:\/\/connectoway.com.br\/solar\/connectoway-solar-participa-do-absolar-meeting-2023\/","url":"https:\/\/connectoway.com.br\/solar\/connectoway-solar-participa-do-absolar-meeting-2023\/","name":"Connectoway Solar participa do Absolar Meeting 2023 - Connectoway Solar","isPartOf":{"@id":"https:\/\/connectoway.com.br\/solar\/#website"},"datePublished":"2023-09-28T01:19:00+00:00","dateModified":"2023-09-28T01:19:00+00:00","description":"A Connectoway Solar participa do Absolar Meeting Nordeste 2023, no dia 28\/09, das 8h \u00e0s 18h, no Mar Hotel (Recife\/PE).","breadcrumb":{"@id":"https:\/\/connectoway.com.br\/solar\/connectoway-solar-participa-do-absolar-meeting-2023\/#breadcrumb"},"inLanguage":"pt-BR","potentialAction":[{"@type":"ReadAction","target":["https:\/\/connectoway.com.br\/solar\/connectoway-solar-participa-do-absolar-meeting-2023\/"]}]},{"@type":"BreadcrumbList","@id":"https:\/\/connectoway.com.br\/solar\/connectoway-solar-participa-do-absolar-meeting-2023\/#breadcrumb","itemListElement":[{"@type":"ListItem","position":1,"name":"In\u00edcio","item":"https:\/\/connectoway.com.br\/solar\/"},{"@type":"ListItem","position":2,"name":"Connectoway Solar participa do Absolar Meeting 2023"}]},{"@type":"WebSite","@id":"https:\/\/connectoway.com.br\/solar\/#website","url":"https:\/\/connectoway.com.br\/solar\/","name":"Connectoway Solar","description":"","publisher":{"@id":"https:\/\/connectoway.com.br\/solar\/#organization"},"potentialAction":[{"@type":"SearchAction","target":{"@type":"EntryPoint","urlTemplate":"https:\/\/connectoway.com.br\/solar\/?s={search_term_string}"},"query-input":"required name=search_term_string"}],"inLanguage":"pt-BR"},{"@type":"Organization","@id":"https:\/\/connectoway.com.br\/solar\/#organization","name":"Connectoway Solar","url":"https:\/\/connectoway.com.br\/solar\/","logo":{"@type":"ImageObject","inLanguage":"pt-BR","@id":"https:\/\/connectoway.com.br\/solar\/#\/schema\/logo\/image\/","url":"https:\/\/connectoway.com.br\/solar\/wp-content\/uploads\/2023\/09\/connectoway_solar_vertical.png","contentUrl":"https:\/\/connectoway.com.br\/solar\/wp-content\/uploads\/2023\/09\/connectoway_solar_vertical.png","width":1080,"height":1080,"caption":"Connectoway Solar"},"image":{"@id":"https:\/\/connectoway.com.br\/solar\/#\/schema\/logo\/image\/"},"sameAs":["https:\/\/www.instagram.com\/connectowaysolar\/"]},{"@type":"Person","@id":"https:\/\/connectoway.com.br\/solar\/#\/schema\/person\/c2e9a752065c9079f291d6df0f7ed87e","name":"Emanuel Vieira","image":{"@type":"ImageObject","inLanguage":"pt-BR","@id":"https:\/\/connectoway.com.br\/solar\/#\/schema\/person\/image\/","url":"https:\/\/secure.gravatar.com\/avatar\/e35c67bb069910c73b6f0ed4c6902271d76dddcb0aad872825087860efe3b535?s=96&d=mm&r=g","contentUrl":"https:\/\/secure.gravatar.com\/avatar\/e35c67bb069910c73b6f0ed4c6902271d76dddcb0aad872825087860efe3b535?s=96&d=mm&r=g","caption":"Emanuel Vieira"},"url":"https:\/\/connectoway.com.br\/solar\/author\/emanuel-vieira\/"}]}},"_links":{"self":[{"href":"https:\/\/connectoway.com.br\/solar\/wp-json\/wp\/v2\/posts\/323","targetHints":{"allow":["GET"]}}],"collection":[{"href":"https:\/\/connectoway.com.br\/solar\/wp-json\/wp\/v2\/posts"}],"about":[{"href":"https:\/\/connectoway.com.br\/solar\/wp-json\/wp\/v2\/types\/post"}],"author":[{"embeddable":true,"href":"https:\/\/connectoway.com.br\/solar\/wp-json\/wp\/v2\/users\/3"}],"replies":[{"embeddable":true,"href":"https:\/\/connectoway.com.br\/solar\/wp-json\/wp\/v2\/comments?post=323"}],"version-history":[{"count":1,"href":"https:\/\/connectoway.com.br\/solar\/wp-json\/wp\/v2\/posts\/323\/revisions"}],"predecessor-version":[{"id":325,"href":"https:\/\/connectoway.com.br\/solar\/wp-json\/wp\/v2\/posts\/323\/revisions\/325"}],"wp:attachment":[{"href":"https:\/\/connectoway.com.br\/solar\/wp-json\/wp\/v2\/media?parent=323"}],"wp:term":[{"taxonomy":"category","embeddable":true,"href":"https:\/\/connectoway.com.br\/solar\/wp-json\/wp\/v2\/categories?post=323"},{"taxonomy":"post_tag","embeddable":true,"href":"https:\/\/connectoway.com.br\/solar\/wp-json\/wp\/v2\/tags?post=323"}],"curies":[{"name":"wp","href":"https:\/\/api.w.org\/{rel}","templated":true}]}}